{"id":2148,"date":"2024-01-21T16:51:08","date_gmt":"2024-01-21T16:51:08","guid":{"rendered":"https:\/\/circle2learning.eu\/it\/?p=2148"},"modified":"2025-01-31T09:02:32","modified_gmt":"2025-01-31T09:02:32","slug":"erasmus","status":"publish","type":"post","link":"https:\/\/circle2learning.eu\/it\/erasmus\/","title":{"rendered":"Erasmus +"},"content":{"rendered":"<p>[et_pb_section fb_built=&#8221;1&#8243; _builder_version=&#8221;4.27.4&#8243; _module_preset=&#8221;default&#8221; global_colors_info=&#8221;{}&#8221;][et_pb_row _builder_version=&#8221;4.27.4&#8243; _module_preset=&#8221;default&#8221; global_colors_info=&#8221;{}&#8221;][et_pb_column type=&#8221;4_4&#8243; _builder_version=&#8221;4.27.4&#8243; _module_preset=&#8221;default&#8221; global_colors_info=&#8221;{}&#8221;][et_pb_image src=&#8221;https:\/\/circle2learning.eu\/it\/wp-content\/uploads\/2025\/01\/Photo-by-Dylan-Ferreira-on-Unsplash.jpg&#8221; alt=&#8221;Photo by Dylan Ferreira on Unsplash&#8221; title_text=&#8221;Photo by Dylan Ferreira on Unsplash&#8221; align=&#8221;center&#8221; _builder_version=&#8221;4.27.4&#8243; _module_preset=&#8221;default&#8221; border_radii=&#8221;on|25px|25px|25px|25px&#8221; global_colors_info=&#8221;{}&#8221;][\/et_pb_image][et_pb_text _builder_version=&#8221;4.27.4&#8243; _module_preset=&#8221;_initial&#8221; header_text_color=&#8221;#000000&#8243; header_2_text_color=&#8221;#000000&#8243; hover_enabled=&#8221;0&#8243; global_colors_info=&#8221;{}&#8221; sticky_enabled=&#8221;0&#8243;]<\/p>\n<p>Foto di <a href=\"https:\/\/unsplash.com\/@dylanferreira?utm_content=creditCopyText&amp;utm_medium=referral&amp;utm_source=unsplash\">Dylan Ferreira<\/a> su <a href=\"https:\/\/unsplash.com\/photos\/blue-and-white-clouds-over-gray-asphalt-road-Ye8mxE9Vdcs?utm_content=creditCopyText&amp;utm_medium=referral&amp;utm_source=unsplash\">Unsplash<\/a><\/p>\n<p>[\/et_pb_text][\/et_pb_column][\/et_pb_row][\/et_pb_section][et_pb_section fb_built=&#8221;1&#8243; _builder_version=&#8221;4.27.4&#8243; _module_preset=&#8221;default&#8221; custom_padding=&#8221;0px||||false|false&#8221; global_colors_info=&#8221;{}&#8221;][et_pb_row _builder_version=&#8221;4.27.4&#8243; _module_preset=&#8221;default&#8221; custom_padding=&#8221;0px||||false|false&#8221; global_colors_info=&#8221;{}&#8221;][et_pb_column type=&#8221;4_4&#8243; _builder_version=&#8221;4.27.4&#8243; _module_preset=&#8221;default&#8221; global_colors_info=&#8221;{}&#8221;][et_pb_text _builder_version=&#8221;4.27.4&#8243; _module_preset=&#8221;_initial&#8221; header_text_color=&#8221;#000000&#8243; header_2_text_color=&#8221;#000000&#8243; hover_enabled=&#8221;0&#8243; global_colors_info=&#8221;{}&#8221; sticky_enabled=&#8221;0&#8243; text_font_size=&#8221;16px&#8221;]<\/p>\n<h2><strong>Erasmus + : Pi\u00f9 di un programma di scambio per studenti<\/strong><\/h2>\n<p>&nbsp;<\/p>\n<p>Avete mai sentito parlare di Erasmus +? Forse lo associate agli studenti che studiano all&#8217;estero, ma in realt\u00e0 si tratta di un&#8217;iniziativa molto pi\u00f9 ampia, con una storia affascinante e un impatto di vasta portata in tutta Europa e oltre. \u00c8 pi\u00f9 di un semplice programma; \u00e8 un movimento che da oltre tre decenni d\u00e0 forma all&#8217;istruzione, alla formazione, ai giovani e allo sport.<\/p>\n<h3><strong>Un viaggio nel tempo: Da Erasmus a Erasmus+<\/strong><\/h3>\n<p data-sourcepos=\"1:1-1:399\">La storia inizia nel 1987 con il programma &#8220;Erasmus&#8221;, che si concentrava sulla promozione della cooperazione tra le universit\u00e0 in Europa. Mirava a creare un sistema organizzato per consentire agli studenti di studiare in diversi paesi, e il nome &#8220;Erasmus&#8221; fu scelto in onore di Erasmo da Rotterdam, uno studioso che viaggi\u00f2 in tutta Europa per insegnare e studiare durante il periodo rinascimentale.<\/p>\n<p data-sourcepos=\"3:1-3:203\">Inoltre, fungeva intelligentemente da acronimo: European Community Action Scheme for Mobility of University Students (Schema di Azione della Comunit\u00e0 Europea per la Mobilit\u00e0 degli Studenti Universitari).<\/p>\n<p>Nel corso del tempo, questo programma iniziale si \u00e8 evoluto in qualcosa di molto pi\u00f9 grande, diventando &#8220;<strong>Erasmus+<\/strong>&#8220;, una struttura ombrello che combina vari programmi dell&#8217;UE per la cooperazione transnazionale e la mobilit\u00e0 nei settori dell&#8217;istruzione, della formazione, della giovent\u00f9 e dello sport. Non riguarda pi\u00f9 solo l&#8217;istruzione superiore; ora supporta una vasta gamma di attivit\u00e0 e settori. Il segno &#8220;+&#8221; ha lo scopo di sottolineare che il programma supporta pi\u00f9 settori della sola istruzione superiore.<\/p>\n<h3><strong>Un programma di ampia portata<\/strong><\/h3>\n<p>Dal suo inizio, oltre 15 milioni di persone hanno partecipato a Erasmus+, a dimostrazione della popolarit\u00e0 del programma e delle opportunit\u00e0 che offre a personale, studenti, giovani e discenti di tutte le et\u00e0. Il programma ha un budget di <strong>26,2 miliardi di euro<\/strong> per il periodo 2021-2027, che rappresenta quasi il doppio dei finanziamenti rispetto al periodo precedente.<\/p>\n<p>Erasmus+ opera attraverso diverse \u201cAzioni chiave\u201d:<\/p>\n<ul>\n<li><strong>Azione chiave 1:<\/strong> Mobilit\u00e0 per l&#8217;apprendimento degli individui<\/li>\n<li><strong>Azione chiave 2:<\/strong> Cooperazione tra organizzazioni e istituzioni<\/li>\n<li><strong>Azione chiave 3:<\/strong> Sostegno allo sviluppo di politiche e alla cooperazione<\/li>\n<\/ul>\n<p>Comprende anche le azioni \u201cJean Monnet\u201d, che sostengono l&#8217;insegnamento, l&#8217;apprendimento e la ricerca sulle questioni relative all&#8217;integrazione europea.<\/p>\n<h3><strong>Che cosa sostiene Erasmus+?<\/strong><\/h3>\n<p>Il programma sostiene opportunit\u00e0 in:<\/p>\n<ul>\n<li>Istruzione superiore<\/li>\n<li>Istruzione e formazione professionale<\/li>\n<li>Istruzione scolastica (compresa l&#8217;istruzione e la cura della prima infanzia)<\/li>\n<li>Istruzione per adulti<\/li>\n<li>Giovani<\/li>\n<li>Sport<\/li>\n<\/ul>\n<p>Erasmus+ sostiene anche diverse iniziative e priorit\u00e0 chiave, tra cui:<\/p>\n<ul>\n<li><strong>La transizione verde<\/strong><\/li>\n<li><strong>La trasformazione digitale<\/strong><\/li>\n<li><strong>Inclusione sociale e diversit\u00e0<\/strong><\/li>\n<li><strong>Partecipazione alla vita democratica, valori comuni e impegno civico<\/strong><\/li>\n<li><strong>Lo Spazio europeo dell&#8217;istruzione, <\/strong><\/li>\n<li><strong>il Piano d&#8217;azione per l&#8217;istruzione digitale e l&#8217;Agenda europea delle competenze<\/strong><\/li>\n<li><strong>Il Pilastro europeo dei diritti sociali<\/strong><\/li>\n<li><strong>La strategia dell&#8217;UE per i giovani 2019-2027<\/strong><\/li>\n<li><strong>Lo sviluppo della dimensione europea nello sport<\/strong><\/li>\n<\/ul>\n<h3><strong>Una pietra miliare: 35 anni di impatto<\/strong><\/h3>\n<p>Nel 2022 Erasmus+ ha celebrato il suo 35\u00b0 anniversario, segnando una tappa significativa del suo percorso. Per commemorarlo, \u00e8 stata emessa una moneta speciale, che si aggiunge agli oltre 142 miliardi di euro gi\u00e0 circolanti nell&#8217;area dell&#8217;euro. Il programma \u00e8 diventato davvero un&#8217;istituzione europea.<\/p>\n<h3><strong>Guardare avanti: L&#8217;invito a presentare proposte per il 2025<\/strong><\/h3>\n<p>\u00c8 aperto l&#8217;invito a presentare proposte per il 2025, con un budget di quasi 5 miliardi di euro per sostenere le opportunit\u00e0 di mobilit\u00e0 e cooperazione. Le organizzazioni possono richiedere finanziamenti nell&#8217;ambito delle azioni chiave del programma e delle azioni Jean Monnet. Questo dimostra il costante impegno a sostenere l&#8217;istruzione, la formazione e lo sviluppo dei giovani.<\/p>\n<h3><strong>Pi\u00f9 di un semplice programma<\/strong><\/h3>\n<p>Erasmus+ \u00e8 pi\u00f9 di un semplice meccanismo di finanziamento; catalizza il cambiamento, promuove l&#8217;inclusione, fa avanzare l&#8217;iniziativa delle lauree europee e favorisce la collaborazione in Europa e altrove. Mira a dotare generazioni di europei delle competenze, delle conoscenze e dell&#8217;esperienza necessarie per affrontare le sfide della societ\u00e0. \u00c8 un programma che ha toccato la vita di milioni di persone e continua a plasmare il futuro dell&#8217;istruzione e dello sviluppo dei giovani in Europa.<\/p>\n<h3><strong>Volete saperne di pi\u00f9 o partecipare?<\/strong><\/h3>\n<p>Le istruzioni dettagliate e le scadenze sono riportate nella Guida al programma. I moduli di candidatura sono disponibili per le organizzazioni e si pu\u00f2 accedere agli inviti a presentare proposte sul portale UE Funding &amp; Tenders. Sono disponibili anche risorse con consigli per le organizzazioni su come candidarsi.<\/p>\n<blockquote>\n<p>Erasmus+ non \u00e8 solo un programma; \u00e8 un movimento che sta dando forma a un futuro migliore per l&#8217;Europa e non solo.<\/p>\n<\/blockquote>\n<p>[\/et_pb_text][\/et_pb_column][\/et_pb_row][et_pb_row _builder_version=&#8221;4.27.4&#8243; _module_preset=&#8221;default&#8221; custom_padding=&#8221;70px||||false|false&#8221; global_colors_info=&#8221;{}&#8221;][et_pb_column type=&#8221;4_4&#8243; _builder_version=&#8221;4.27.4&#8243; _module_preset=&#8221;default&#8221; global_colors_info=&#8221;{}&#8221;][et_pb_button button_url=&#8221;https:\/\/erasmus-plus.ec.europa.eu\/&#8221; url_new_window=&#8221;on&#8221; button_text=&#8221;Per saperne di pi\u00f9 su Erasmus +&#8221; _builder_version=&#8221;4.27.4&#8243; _module_preset=&#8221;default&#8221; hover_enabled=&#8221;0&#8243; global_colors_info=&#8221;{}&#8221; sticky_enabled=&#8221;0&#8243;][\/et_pb_button][et_pb_button button_url=&#8221;https:\/\/circle2learning.eu\/it\/training\/&#8221; button_text=&#8221;Per saperne di pi\u00f9 sull&#8217;economia circolare&#8221; _builder_version=&#8221;4.27.4&#8243; _module_preset=&#8221;default&#8221; hover_enabled=&#8221;0&#8243; global_colors_info=&#8221;{}&#8221; sticky_enabled=&#8221;0&#8243;][\/et_pb_button][\/et_pb_column][\/et_pb_row][\/et_pb_section]<\/p>\n","protected":false},"excerpt":{"rendered":"<p>Foto di Dylan Ferreira su UnsplashErasmus + : Pi\u00f9 di un programma di scambio per studenti &nbsp; Avete mai sentito parlare di Erasmus +? Forse lo associate agli studenti che studiano all&#8217;estero, ma in realt\u00e0 si tratta di un&#8217;iniziativa molto pi\u00f9 ampia, con una storia affascinante e un impatto di vasta portata in tutta Europa [&hellip;]<\/p>\n","protected":false},"author":6,"featured_media":2151,"comment_status":"closed","ping_status":"open","sticky":false,"template":"","format":"standard","meta":{"_et_pb_use_builder":"on","_et_pb_old_content":"","_et_gb_content_width":"","footnotes":""},"categories":[16],"tags":[],"class_list":["post-2148","post","type-post","status-publish","format-standard","has-post-thumbnail","hentry","category-circular-updates"],"yoast_head":"<!-- This site is optimized with the Yoast SEO plugin v24.3 - https:\/\/yoast.com\/wordpress\/plugins\/seo\/ -->\n<title>Erasmus + - Circle2<\/title>\n<meta name=\"description\" content=\"Erasmus +\" \/>\n<meta name=\"robots\" content=\"index, follow, max-snippet:-1, max-image-preview:large, max-video-preview:-1\" \/>\n<link rel=\"canonical\" href=\"https:\/\/circle2learning.eu\/it\/erasmus\/\" \/>\n<meta property=\"og:locale\" content=\"it_IT\" \/>\n<meta property=\"og:type\" content=\"article\" \/>\n<meta property=\"og:title\" content=\"Erasmus + - Circle2\" \/>\n<meta property=\"og:description\" content=\"Erasmus +\" \/>\n<meta property=\"og:url\" content=\"https:\/\/circle2learning.eu\/it\/erasmus\/\" \/>\n<meta property=\"og:site_name\" content=\"Circle2\" \/>\n<meta property=\"article:publisher\" content=\"https:\/\/www.facebook.com\/circleerasmus\" \/>\n<meta property=\"article:published_time\" content=\"2024-01-21T16:51:08+00:00\" \/>\n<meta property=\"article:modified_time\" content=\"2025-01-31T09:02:32+00:00\" \/>\n<meta property=\"og:image\" content=\"https:\/\/circle2learning.eu\/it\/wp-content\/uploads\/2025\/01\/Photo-by-Dylan-Ferreira-on-Unsplash.jpg\" \/>\n\t<meta property=\"og:image:width\" content=\"1920\" \/>\n\t<meta property=\"og:image:height\" content=\"1080\" \/>\n\t<meta property=\"og:image:type\" content=\"image\/jpeg\" \/>\n<meta name=\"author\" content=\"Letizia Zuccheli\" \/>\n<meta name=\"twitter:card\" content=\"summary_large_image\" \/>\n<meta name=\"twitter:label1\" content=\"Scritto da\" \/>\n\t<meta name=\"twitter:data1\" content=\"Letizia Zuccheli\" \/>\n\t<meta name=\"twitter:label2\" content=\"Tempo di lettura stimato\" \/>\n\t<meta name=\"twitter:data2\" content=\"4 minuti\" \/>\n<script type=\"application\/ld+json\" class=\"yoast-schema-graph\">{\"@context\":\"https:\/\/schema.org\",\"@graph\":[{\"@type\":\"Article\",\"@id\":\"https:\/\/circle2learning.eu\/it\/erasmus\/#article\",\"isPartOf\":{\"@id\":\"https:\/\/circle2learning.eu\/it\/erasmus\/\"},\"author\":{\"name\":\"Letizia Zuccheli\",\"@id\":\"https:\/\/circle2learning.eu\/it\/#\/schema\/person\/24b2fcfb9180d6433adcf3d03519f948\"},\"headline\":\"Erasmus +\",\"datePublished\":\"2024-01-21T16:51:08+00:00\",\"dateModified\":\"2025-01-31T09:02:32+00:00\",\"mainEntityOfPage\":{\"@id\":\"https:\/\/circle2learning.eu\/it\/erasmus\/\"},\"wordCount\":1042,\"publisher\":{\"@id\":\"https:\/\/circle2learning.eu\/it\/#organization\"},\"image\":{\"@id\":\"https:\/\/circle2learning.eu\/it\/erasmus\/#primaryimage\"},\"thumbnailUrl\":\"https:\/\/circle2learning.eu\/it\/wp-content\/uploads\/2025\/01\/Photo-by-Dylan-Ferreira-on-Unsplash.jpg\",\"articleSection\":[\"Circular updates\"],\"inLanguage\":\"it-IT\"},{\"@type\":\"WebPage\",\"@id\":\"https:\/\/circle2learning.eu\/it\/erasmus\/\",\"url\":\"https:\/\/circle2learning.eu\/it\/erasmus\/\",\"name\":\"Erasmus + - Circle2\",\"isPartOf\":{\"@id\":\"https:\/\/circle2learning.eu\/it\/#website\"},\"primaryImageOfPage\":{\"@id\":\"https:\/\/circle2learning.eu\/it\/erasmus\/#primaryimage\"},\"image\":{\"@id\":\"https:\/\/circle2learning.eu\/it\/erasmus\/#primaryimage\"},\"thumbnailUrl\":\"https:\/\/circle2learning.eu\/it\/wp-content\/uploads\/2025\/01\/Photo-by-Dylan-Ferreira-on-Unsplash.jpg\",\"datePublished\":\"2024-01-21T16:51:08+00:00\",\"dateModified\":\"2025-01-31T09:02:32+00:00\",\"description\":\"Erasmus +\",\"breadcrumb\":{\"@id\":\"https:\/\/circle2learning.eu\/it\/erasmus\/#breadcrumb\"},\"inLanguage\":\"it-IT\",\"potentialAction\":[{\"@type\":\"ReadAction\",\"target\":[\"https:\/\/circle2learning.eu\/it\/erasmus\/\"]}]},{\"@type\":\"ImageObject\",\"inLanguage\":\"it-IT\",\"@id\":\"https:\/\/circle2learning.eu\/it\/erasmus\/#primaryimage\",\"url\":\"https:\/\/circle2learning.eu\/it\/wp-content\/uploads\/2025\/01\/Photo-by-Dylan-Ferreira-on-Unsplash.jpg\",\"contentUrl\":\"https:\/\/circle2learning.eu\/it\/wp-content\/uploads\/2025\/01\/Photo-by-Dylan-Ferreira-on-Unsplash.jpg\",\"width\":1920,\"height\":1080},{\"@type\":\"BreadcrumbList\",\"@id\":\"https:\/\/circle2learning.eu\/it\/erasmus\/#breadcrumb\",\"itemListElement\":[{\"@type\":\"ListItem\",\"position\":1,\"name\":\"Home\",\"item\":\"https:\/\/circle2learning.eu\/it\/\"},{\"@type\":\"ListItem\",\"position\":2,\"name\":\"Erasmus +\"}]},{\"@type\":\"WebSite\",\"@id\":\"https:\/\/circle2learning.eu\/it\/#website\",\"url\":\"https:\/\/circle2learning.eu\/it\/\",\"name\":\"Circle2\",\"description\":\"Educating VETs on Circular Economy\",\"publisher\":{\"@id\":\"https:\/\/circle2learning.eu\/it\/#organization\"},\"potentialAction\":[{\"@type\":\"SearchAction\",\"target\":{\"@type\":\"EntryPoint\",\"urlTemplate\":\"https:\/\/circle2learning.eu\/it\/?s={search_term_string}\"},\"query-input\":{\"@type\":\"PropertyValueSpecification\",\"valueRequired\":true,\"valueName\":\"search_term_string\"}}],\"inLanguage\":\"it-IT\"},{\"@type\":\"Organization\",\"@id\":\"https:\/\/circle2learning.eu\/it\/#organization\",\"name\":\"Circle2\",\"url\":\"https:\/\/circle2learning.eu\/it\/\",\"logo\":{\"@type\":\"ImageObject\",\"inLanguage\":\"it-IT\",\"@id\":\"https:\/\/circle2learning.eu\/it\/#\/schema\/logo\/image\/\",\"url\":\"https:\/\/circle2learning.eu\/it\/wp-content\/uploads\/2024\/05\/cropped-Circle2_favicon.png\",\"contentUrl\":\"https:\/\/circle2learning.eu\/it\/wp-content\/uploads\/2024\/05\/cropped-Circle2_favicon.png\",\"width\":512,\"height\":512,\"caption\":\"Circle2\"},\"image\":{\"@id\":\"https:\/\/circle2learning.eu\/it\/#\/schema\/logo\/image\/\"},\"sameAs\":[\"https:\/\/www.facebook.com\/circleerasmus\",\"https:\/\/www.youtube.com\/@circle9319\",\"https:\/\/www.tiktok.com\/@circle2learning\"]},{\"@type\":\"Person\",\"@id\":\"https:\/\/circle2learning.eu\/it\/#\/schema\/person\/24b2fcfb9180d6433adcf3d03519f948\",\"name\":\"Letizia Zuccheli\",\"image\":{\"@type\":\"ImageObject\",\"inLanguage\":\"it-IT\",\"@id\":\"https:\/\/circle2learning.eu\/it\/#\/schema\/person\/image\/\",\"url\":\"https:\/\/secure.gravatar.com\/avatar\/2896060f5e104617eb16f3b55c057581?s=96&d=mm&r=g\",\"contentUrl\":\"https:\/\/secure.gravatar.com\/avatar\/2896060f5e104617eb16f3b55c057581?s=96&d=mm&r=g\",\"caption\":\"Letizia Zuccheli\"},\"url\":\"https:\/\/circle2learning.eu\/it\/author\/letizia\/\"}]}<\/script>\n<!-- \/ Yoast SEO plugin. -->","yoast_head_json":{"title":"Erasmus + - Circle2","description":"Erasmus +","robots":{"index":"index","follow":"follow","max-snippet":"max-snippet:-1","max-image-preview":"max-image-preview:large","max-video-preview":"max-video-preview:-1"},"canonical":"https:\/\/circle2learning.eu\/it\/erasmus\/","og_locale":"it_IT","og_type":"article","og_title":"Erasmus + - Circle2","og_description":"Erasmus +","og_url":"https:\/\/circle2learning.eu\/it\/erasmus\/","og_site_name":"Circle2","article_publisher":"https:\/\/www.facebook.com\/circleerasmus","article_published_time":"2024-01-21T16:51:08+00:00","article_modified_time":"2025-01-31T09:02:32+00:00","og_image":[{"width":1920,"height":1080,"url":"https:\/\/circle2learning.eu\/it\/wp-content\/uploads\/2025\/01\/Photo-by-Dylan-Ferreira-on-Unsplash.jpg","type":"image\/jpeg"}],"author":"Letizia Zuccheli","twitter_card":"summary_large_image","twitter_misc":{"Scritto da":"Letizia Zuccheli","Tempo di lettura stimato":"4 minuti"},"schema":{"@context":"https:\/\/schema.org","@graph":[{"@type":"Article","@id":"https:\/\/circle2learning.eu\/it\/erasmus\/#article","isPartOf":{"@id":"https:\/\/circle2learning.eu\/it\/erasmus\/"},"author":{"name":"Letizia Zuccheli","@id":"https:\/\/circle2learning.eu\/it\/#\/schema\/person\/24b2fcfb9180d6433adcf3d03519f948"},"headline":"Erasmus +","datePublished":"2024-01-21T16:51:08+00:00","dateModified":"2025-01-31T09:02:32+00:00","mainEntityOfPage":{"@id":"https:\/\/circle2learning.eu\/it\/erasmus\/"},"wordCount":1042,"publisher":{"@id":"https:\/\/circle2learning.eu\/it\/#organization"},"image":{"@id":"https:\/\/circle2learning.eu\/it\/erasmus\/#primaryimage"},"thumbnailUrl":"https:\/\/circle2learning.eu\/it\/wp-content\/uploads\/2025\/01\/Photo-by-Dylan-Ferreira-on-Unsplash.jpg","articleSection":["Circular updates"],"inLanguage":"it-IT"},{"@type":"WebPage","@id":"https:\/\/circle2learning.eu\/it\/erasmus\/","url":"https:\/\/circle2learning.eu\/it\/erasmus\/","name":"Erasmus + - Circle2","isPartOf":{"@id":"https:\/\/circle2learning.eu\/it\/#website"},"primaryImageOfPage":{"@id":"https:\/\/circle2learning.eu\/it\/erasmus\/#primaryimage"},"image":{"@id":"https:\/\/circle2learning.eu\/it\/erasmus\/#primaryimage"},"thumbnailUrl":"https:\/\/circle2learning.eu\/it\/wp-content\/uploads\/2025\/01\/Photo-by-Dylan-Ferreira-on-Unsplash.jpg","datePublished":"2024-01-21T16:51:08+00:00","dateModified":"2025-01-31T09:02:32+00:00","description":"Erasmus +","breadcrumb":{"@id":"https:\/\/circle2learning.eu\/it\/erasmus\/#breadcrumb"},"inLanguage":"it-IT","potentialAction":[{"@type":"ReadAction","target":["https:\/\/circle2learning.eu\/it\/erasmus\/"]}]},{"@type":"ImageObject","inLanguage":"it-IT","@id":"https:\/\/circle2learning.eu\/it\/erasmus\/#primaryimage","url":"https:\/\/circle2learning.eu\/it\/wp-content\/uploads\/2025\/01\/Photo-by-Dylan-Ferreira-on-Unsplash.jpg","contentUrl":"https:\/\/circle2learning.eu\/it\/wp-content\/uploads\/2025\/01\/Photo-by-Dylan-Ferreira-on-Unsplash.jpg","width":1920,"height":1080},{"@type":"BreadcrumbList","@id":"https:\/\/circle2learning.eu\/it\/erasmus\/#breadcrumb","itemListElement":[{"@type":"ListItem","position":1,"name":"Home","item":"https:\/\/circle2learning.eu\/it\/"},{"@type":"ListItem","position":2,"name":"Erasmus +"}]},{"@type":"WebSite","@id":"https:\/\/circle2learning.eu\/it\/#website","url":"https:\/\/circle2learning.eu\/it\/","name":"Circle2","description":"Educating VETs on Circular Economy","publisher":{"@id":"https:\/\/circle2learning.eu\/it\/#organization"},"potentialAction":[{"@type":"SearchAction","target":{"@type":"EntryPoint","urlTemplate":"https:\/\/circle2learning.eu\/it\/?s={search_term_string}"},"query-input":{"@type":"PropertyValueSpecification","valueRequired":true,"valueName":"search_term_string"}}],"inLanguage":"it-IT"},{"@type":"Organization","@id":"https:\/\/circle2learning.eu\/it\/#organization","name":"Circle2","url":"https:\/\/circle2learning.eu\/it\/","logo":{"@type":"ImageObject","inLanguage":"it-IT","@id":"https:\/\/circle2learning.eu\/it\/#\/schema\/logo\/image\/","url":"https:\/\/circle2learning.eu\/it\/wp-content\/uploads\/2024\/05\/cropped-Circle2_favicon.png","contentUrl":"https:\/\/circle2learning.eu\/it\/wp-content\/uploads\/2024\/05\/cropped-Circle2_favicon.png","width":512,"height":512,"caption":"Circle2"},"image":{"@id":"https:\/\/circle2learning.eu\/it\/#\/schema\/logo\/image\/"},"sameAs":["https:\/\/www.facebook.com\/circleerasmus","https:\/\/www.youtube.com\/@circle9319","https:\/\/www.tiktok.com\/@circle2learning"]},{"@type":"Person","@id":"https:\/\/circle2learning.eu\/it\/#\/schema\/person\/24b2fcfb9180d6433adcf3d03519f948","name":"Letizia Zuccheli","image":{"@type":"ImageObject","inLanguage":"it-IT","@id":"https:\/\/circle2learning.eu\/it\/#\/schema\/person\/image\/","url":"https:\/\/secure.gravatar.com\/avatar\/2896060f5e104617eb16f3b55c057581?s=96&d=mm&r=g","contentUrl":"https:\/\/secure.gravatar.com\/avatar\/2896060f5e104617eb16f3b55c057581?s=96&d=mm&r=g","caption":"Letizia Zuccheli"},"url":"https:\/\/circle2learning.eu\/it\/author\/letizia\/"}]}},"_links":{"self":[{"href":"https:\/\/circle2learning.eu\/it\/wp-json\/wp\/v2\/posts\/2148","targetHints":{"allow":["GET"]}}],"collection":[{"href":"https:\/\/circle2learning.eu\/it\/wp-json\/wp\/v2\/posts"}],"about":[{"href":"https:\/\/circle2learning.eu\/it\/wp-json\/wp\/v2\/types\/post"}],"author":[{"embeddable":true,"href":"https:\/\/circle2learning.eu\/it\/wp-json\/wp\/v2\/users\/6"}],"replies":[{"embeddable":true,"href":"https:\/\/circle2learning.eu\/it\/wp-json\/wp\/v2\/comments?post=2148"}],"version-history":[{"count":6,"href":"https:\/\/circle2learning.eu\/it\/wp-json\/wp\/v2\/posts\/2148\/revisions"}],"predecessor-version":[{"id":2226,"href":"https:\/\/circle2learning.eu\/it\/wp-json\/wp\/v2\/posts\/2148\/revisions\/2226"}],"wp:featuredmedia":[{"embeddable":true,"href":"https:\/\/circle2learning.eu\/it\/wp-json\/wp\/v2\/media\/2151"}],"wp:attachment":[{"href":"https:\/\/circle2learning.eu\/it\/wp-json\/wp\/v2\/media?parent=2148"}],"wp:term":[{"taxonomy":"category","embeddable":true,"href":"https:\/\/circle2learning.eu\/it\/wp-json\/wp\/v2\/categories?post=2148"},{"taxonomy":"post_tag","embeddable":true,"href":"https:\/\/circle2learning.eu\/it\/wp-json\/wp\/v2\/tags?post=2148"}],"curies":[{"name":"wp","href":"https:\/\/api.w.org\/{rel}","templated":true}]}}